{"id":10290,"date":"2019-07-31T16:20:43","date_gmt":"2019-07-31T14:20:43","guid":{"rendered":"https:\/\/welti-furrer.ch\/2019\/07\/31\/welti-furrer-wir-optimieren-ihre-baulogistik\/"},"modified":"2019-07-31T16:20:43","modified_gmt":"2019-07-31T14:20:43","slug":"welti-furrer-wir-optimieren-ihre-baulogistik","status":"publish","type":"post","link":"https:\/\/www.welti-furrer.ch\/en\/2019\/07\/31\/welti-furrer-wir-optimieren-ihre-baulogistik\/","title":{"rendered":"Welti-Furrer: Wir Optimieren Ihre Baulogistik!"},"content":{"rendered":"\n\t\t<h1><\/h1>\t\t\n\t\t\t<p><strong>Welti-Furrer: Wir Optimieren Ihre Baulogistik!<\/strong><\/p>\n\t\t\t\t<img fetchpriority=\"high\" decoding=\"async\" src=\"https:\/\/www.welti-furrer.ch\/wp-content\/uploads\/2019\/07\/Baulogistik_01.jpg\" alt=\"Baulogistik_01\" itemprop=\"image\" height=\"733\" width=\"1100\" title=\"Baulogistik_01\"  \/>\n<h2>\n\t\tWelti-Furrer: Wir Optimieren Ihre Baulogistik!\n\t<\/h2>\n\t<p>Eine gesamtheitliche Planung, Koordination, Durchf\u00fchrung und \u00dcberwachung der Baustellenlogistik erm\u00f6glicht vereinfachte Abl\u00e4ufe, wesentliche Kosten- und Zeitersparnisse und auf Lean Construction abgestimmte Material- und Verkehrsfl\u00fcsse. Mit unseren erfahrenen Logistikexperten und Monteuren, diversen flexiblen Lagerm\u00f6glichkeiten und einem breiten Park an Spezialfahrzeugen sind wir der optimale Partner f\u00fcr Baulogistik. Erfahren Sie hier mehr \u00fcber unsere Leistungen in diesem spannenden Bereich: <strong><a href=\"https:\/\/www.welti-furrer.ch\/baulogistik\/\">Zum Beitrag<\/a><\/strong><\/p>\n\t\t\t\t<img decoding=\"async\" src=\"https:\/\/www.welti-furrer.ch\/wp-content\/uploads\/2019\/07\/Baulogistik_04-350x234.jpg\" alt=\"Baulogistik_04\" itemprop=\"image\" height=\"234\" width=\"350\" title=\"Baulogistik_04\"  \/>\n\t\t\t\t<img decoding=\"async\" src=\"https:\/\/www.welti-furrer.ch\/wp-content\/uploads\/2019\/07\/Baulogistik_03-350x234.jpg\" alt=\"Baulogistik_03\" itemprop=\"image\" height=\"234\" width=\"350\" title=\"Baulogistik_03\"  \/>\n        <a href=\"https:\/\/www.welti-furrer.ch\/en\/2020\/04\/06\/6788\/\" rel=\"bookmark\" title=\"Luftbr\u00fccke China \u2013Schweiz\">\n                <h3>\n                    Luftbr\u00fccke China \u2013Schweiz                <\/h3>\n        <\/a>\n        <a href=\"https:\/\/www.welti-furrer.ch\/en\/2019\/12\/03\/groesste-siebanlage-fuer-die-granulatherstellung\/\" rel=\"bookmark\" title=\"Gr\u00f6sste Siebanlage f\u00fcr die Granulatherstellung\">\n                <h3>\n                    Gr\u00f6sste Siebanlage f\u00fcr die Granulatherstellung                <\/h3>\n        <\/a>\n        <a href=\"https:\/\/www.welti-furrer.ch\/en\/2019\/10\/16\/puzzlespiel-der-anderen-art\/\" rel=\"bookmark\" title=\"Puzzlespiel der anderen Art\">\n                <h3>\n                    Puzzlespiel der anderen Art                <\/h3>\n        <\/a>\n        <a href=\"https:\/\/www.welti-furrer.ch\/en\/2019\/08\/15\/newsletter-herbst-2019\/\" rel=\"bookmark\" title=\"Gemeinsam k\u00f6nnen wir so viel erreichen\">\n                <h3>\n                    Gemeinsam k\u00f6nnen wir so viel erreichen                <\/h3>\n        <\/a>\n        <a href=\"https:\/\/www.welti-furrer.ch\/2019\/07\/22\/treibstofftank-auf-dem-weg-in-ein-zweites-leben\/\" rel=\"bookmark\" title=\"Treibstofftank auf dem Weg in ein zweites Leben\">\n                <h3>\n                    Treibstofftank auf dem Weg in ein zweites Leben                <\/h3>\n        <\/a>\n        <a href=\"https:\/\/www.welti-furrer.ch\/2019\/07\/19\/grove-gmk-4100l-1-in-aktion\/\" rel=\"bookmark\" title=\"Grove GMK 4100L-1 in Aktion\">\n                <h3>\n                    Grove GMK 4100L-1 in Aktion                <\/h3>\n        <\/a>\n        <a href=\"https:\/\/www.welti-furrer.ch\/2019\/07\/11\/dreizehn-rechteckstraeger-in-einem-tag-montiert\/\" rel=\"bookmark\" title=\"Dreizehn Rechteckstr\u00e4ger in einem Tag montiert\">\n                <h3>\n                    Dreizehn Rechteckstr\u00e4ger in einem Tag montiert                <\/h3>\n        <\/a>\n        <a href=\"https:\/\/www.welti-furrer.ch\/2019\/07\/01\/spektakulaere-zuegelaktion-in-frick\/\" rel=\"bookmark\" title=\"Spektakul\u00e4re Z\u00fcgelaktion in Frick\">\n                <h3>\n                    Spektakul\u00e4re Z\u00fcgelaktion in Frick                <\/h3>\n        <\/a>\n        <a href=\"https:\/\/www.welti-furrer.ch\/2019\/06\/18\/spezialtransporte-mobilkran-und-industrieumzuege-zusammen-im-glarnerland\/\" rel=\"bookmark\" title=\"Spezialtransporte, Mobilkran und Industrieumz\u00fcge &#8211; zusammen im Glarnerland\">\n                <h3>\n                    Spezialtransporte, Mobilkran und Industrieumz\u00fcge &#8211; zusammen im Glarnerland                <\/h3>\n        <\/a>\n        <a href=\"https:\/\/www.welti-furrer.ch\/2019\/05\/28\/unter-strom\/\" rel=\"bookmark\" title=\"Unter Strom\">\n                <h3>\n                    Unter Strom                <\/h3>\n        <\/a>\n","protected":false},"excerpt":{"rendered":"<p>Welti-Furrer: Wir Optimieren Ihre Baulogistik! Welti-Furrer: Wir Optimieren Ihre Baulogistik! Eine gesamtheitliche Planung, Koordination, Durchf\u00fchrung und \u00dcberwachung der Baustellenlogistik erm\u00f6glicht vereinfachte Abl\u00e4ufe, wesentliche Kosten- und Zeitersparnisse und auf Lean Construction abgestimmte Material- und Verkehrsfl\u00fcsse. Mit unseren erfahrenen Logistikexperten und Monteuren, diversen flexiblen Lagerm\u00f6glichkeiten und einem breiten Park an Spezialfahrzeugen sind wir der optimale Partner f\u00fcr [&hellip;]<\/p>\n","protected":false},"author":2,"featured_media":9927,"comment_status":"open","ping_status":"open","sticky":false,"template":"","format":"standard","meta":{"footnotes":""},"categories":[5],"tags":[],"class_list":["post-10290","post","type-post","status-publish","format-standard","has-post-thumbnail","hentry","category-uncategorized"],"_links":{"self":[{"href":"https:\/\/www.welti-furrer.ch\/en\/wp-json\/wp\/v2\/posts\/10290","targetHints":{"allow":["GET"]}}],"collection":[{"href":"https:\/\/www.welti-furrer.ch\/en\/wp-json\/wp\/v2\/posts"}],"about":[{"href":"https:\/\/www.welti-furrer.ch\/en\/wp-json\/wp\/v2\/types\/post"}],"author":[{"embeddable":true,"href":"https:\/\/www.welti-furrer.ch\/en\/wp-json\/wp\/v2\/users\/2"}],"replies":[{"embeddable":true,"href":"https:\/\/www.welti-furrer.ch\/en\/wp-json\/wp\/v2\/comments?post=10290"}],"version-history":[{"count":0,"href":"https:\/\/www.welti-furrer.ch\/en\/wp-json\/wp\/v2\/posts\/10290\/revisions"}],"wp:featuredmedia":[{"embeddable":true,"href":"https:\/\/www.welti-furrer.ch\/en\/wp-json\/wp\/v2\/media\/9927"}],"wp:attachment":[{"href":"https:\/\/www.welti-furrer.ch\/en\/wp-json\/wp\/v2\/media?parent=10290"}],"wp:term":[{"taxonomy":"category","embeddable":true,"href":"https:\/\/www.welti-furrer.ch\/en\/wp-json\/wp\/v2\/categories?post=10290"},{"taxonomy":"post_tag","embeddable":true,"href":"https:\/\/www.welti-furrer.ch\/en\/wp-json\/wp\/v2\/tags?post=10290"}],"curies":[{"name":"wp","href":"https:\/\/api.w.org\/{rel}","templated":true}]}}