{"id":10288,"date":"2019-09-04T14:37:33","date_gmt":"2019-09-04T12:37:33","guid":{"rendered":"https:\/\/welti-furrer.ch\/2019\/09\/04\/wir-sind-fuer-sie-da\/"},"modified":"2019-09-04T14:37:33","modified_gmt":"2019-09-04T12:37:33","slug":"wir-sind-fuer-sie-da","status":"publish","type":"post","link":"https:\/\/www.welti-furrer.ch\/en\/2019\/09\/04\/wir-sind-fuer-sie-da\/","title":{"rendered":"Wir sind f\u00fcr Sie da!"},"content":{"rendered":"\n\t\t<h3><\/h3>\t\t\n\t\t\t<h3><strong>Herbst 2019<\/strong><\/h3>\n\t\t\t\t<img fetchpriority=\"high\" decoding=\"async\" src=\"https:\/\/www.welti-furrer.ch\/wp-content\/uploads\/2019\/09\/Umz\u00fcgeDielsdorf_001_LukasPitsch_LD5_9177.jpg\" alt=\"Umz\u00fcgeDielsdorf_001_LukasPitsch_LD5_9177\" itemprop=\"image\" height=\"3150\" width=\"5000\" title=\"Umz\u00fcgeDielsdorf_001_LukasPitsch_LD5_9177\"  \/>\n<h1>\n\t\tWir sind f\u00fcr Sie da!\n\t<\/h1>\n\t\t\t\t<img decoding=\"async\" src=\"https:\/\/www.welti-furrer.ch\/wp-content\/uploads\/2019\/09\/IMG_1160-650x488.jpg\" alt=\"IMG_1160\" itemprop=\"image\" height=\"488\" width=\"650\" title=\"IMG_1160\"  \/>\n\t\t\t\t<img decoding=\"async\" src=\"https:\/\/www.welti-furrer.ch\/wp-content\/uploads\/2019\/09\/Frisch-Duerrenmatt-650x401.jpg\" alt=\"Digitale Kolorierung des Originalbildes aus dem Jahr 1963\" itemprop=\"image\" height=\"401\" width=\"650\" title=\"Frisch und D\u00fcrrenmatt in der Kronenhalle in Z\u00fcrich\"  \/>\n\t\t\t\t<img loading=\"lazy\" decoding=\"async\" src=\"https:\/\/www.welti-furrer.ch\/wp-content\/uploads\/2019\/09\/FineArt_047_LukasPitsch_LD5_9370-650x434.jpg\" alt=\"FineArt_047_LukasPitsch_LD5_9370\" itemprop=\"image\" height=\"434\" width=\"650\" title=\"FineArt_047_LukasPitsch_LD5_9370\"  \/>\n<h3>\n\t\t(Beinahe) rund um die Uhr erreichbar!\n\t<\/h3>\n<h3>\n\t\tZentrum f\u00fcr k\u00fcnstlerische Nachl\u00e4sse.\n\t<\/h3>\n<h3>\n\t\tGesicherte Nachteinstellung.\n\t<\/h3>\n\t<p>Seit August 2018 ist Ivana Kaiser an unserem neuen Standort in Dielsdorf f\u00fcr die Disposition aller Kunsttransporte und -installationen zust\u00e4ndig.<\/p>\n            <a href=\"#beitrag_01\" target=\"\" rel=\"noopener noreferrer\">\n                Mehr erfahren            <\/a>\n\t<p>Das Zentrum f\u00fcr k\u00fcnstlerische Nachl\u00e4sse (ZKN) wurde dieses Jahr gegr\u00fcndet und f\u00fchrt am 21. November 2019 seine Er\u00f6ffnungskonferenz durch. Dabei unterst\u00fctzen wir es.<\/p>\n            <a href=\"#beitrag_02\" target=\"\" rel=\"noopener noreferrer\">\n                Mehr erfahren            <\/a>\n\t<p>In unserem neuen Kunstlager k\u00f6nnen Kunsttransporter gesichert und mit kontrolliertem Klima eingestellt werden.<\/p>\n            <a href=\"#beitrag_03\" target=\"\" rel=\"noopener noreferrer\">\n                Mehr erfahren            <\/a>\n<h2>\n\t\t(Beinahe) rund um die Uhr erreichbar!\n\t<\/h2>\n\t<h3>Unsere Disposition stellt sich vor.<\/h3>\n\t\t\t\t<img loading=\"lazy\" decoding=\"async\" src=\"https:\/\/www.welti-furrer.ch\/wp-content\/uploads\/2019\/09\/IMG_1158-1140x855.jpg\" alt=\"IMG_1158\" itemprop=\"image\" height=\"855\" width=\"1140\" title=\"IMG_1158\"  \/>\n\t\t\t\t<img loading=\"lazy\" decoding=\"async\" src=\"https:\/\/www.welti-furrer.ch\/wp-content\/uploads\/2019\/09\/IMG_1163-1140x855.jpg\" alt=\"IMG_1163\" itemprop=\"image\" height=\"855\" width=\"1140\" title=\"IMG_1163\"  \/>\n\t<p>Ivana ist seit August 2018 an unserem neuen Standort in Dielsdorf f\u00fcr die Disposition unserer Kunsttransporte und \u2013installationen zust\u00e4ndig.<\/p>\n<p>Nach einer dreij\u00e4hrigen Lehre als Logistikerin \/ Lageristin in einer Z\u00fcrcher Firma, die mit landwirtschaftlichen Ersatzteilen handelt, schloss sie 2010 mit dem eidgen\u00f6ssischen Fachzeugnis als Logistikerin EFZ ab.<\/p>\n<p>Aufgrund eines Bandscheibenvorfalls wechselte Ivana vom Lager ins B\u00fcro der Logistikbranche und begann in Schlieren als Sachbearbeiterin Transport bei einem Schweizer Kunsttransportunternehmen. Dort war sie f\u00fcr Ausstellungen in \u00dcbersee, vor allem in den USA, zust\u00e4ndig und k\u00fcmmerte sich um Transporte von Kunstwerken mit Luft- und Seefracht. In dieser Funktion betreute sie eine internationale Kunstsammler- und Galeristenklientel kompetent und mit viel Freude w\u00e4hrend mehreren Jahren.<\/p>\n<p>Um die L\u00e4nder, in welche sie die meisten Kunstwerke bis anhin geschickt hatte, einmal auch selbst vor Ort und im Detail zu erleben, k\u00fcndigte Ivana ihre Stelle und reiste w\u00e4hrend rund einem Jahr quer durch Kanada, die USA und Mexiko. Besonders beeindruckten sie w\u00e4hrend diesen ausgedehnten Reisen die grandiosen Landschaften.<\/p>\n<p>Nach einigen beruflichen Zwischenstationen, bei denen sie wertvolle Erfahrung im Bereich Spedition und Disposition sammelte, konnten wir Ivana im Sommer als unsere Leiterin der Disposition gewinnen.<\/p>\n\t<p>Als Teamleiterin f\u00fchrt Ivana stets freundlich und motiviert unsere Kunsttechniker inklusive der Schreinerei. Sie ist f\u00fcr die Einsatzpl\u00e4ne der Kunsttechniker sowie den gesamten Fuhrpark zust\u00e4ndig und organisiert und koordiniert europaweit alle unsere Fahrten. Regelm\u00e4ssige Sammelfahrten in Kunsthandelszentren wie Paris, Br\u00fcssel oder Basel stehen dabei ebenso an wie Sonderfahrten in den Norden Deutschlands oder in abgelegene Schweizer Bergt\u00e4ler.<\/p>\n<p>T\u00e4glich besch\u00e4ftigt sie sich zudem mit komplexen Optimierungsaufgaben, z.B. beim Festlegen von optimalen Routen und bei der kurzfristigen Reaktion auf Unvorhergesehenes.<\/p>\n<p>Ivana hat viel Freude an der praktischen Arbeit mit den Kunsttechnikern und unseren Spezialfahrzeugen. Sie stellt das Bindeglied zwischen den Kollegen im B\u00fcro und den Kunsttechnikern vor Ort dar, um jederzeit sicher zu stellen, dass die Kunstwerke unserer Kunden rechtzeitig an deren Bestimmungsort gelangen und dort fachgerecht installiert werden k\u00f6nnen.<\/p>\n<p>In ihrer Freizeit liest sie viel, vor allem Fantasyromane, und besucht gerne Museen. In den Ausstellungen interessiert sie aber neben den Werken vor allem immer auch die Art und Weise, wie diese geh\u00e4ngt oder installiert und bewegt worden sind&#8230;<\/p>\n<p>&nbsp;<\/p>\n<h2>\n\t\tZentrum f\u00fcr k\u00fcnstlerische Nachl\u00e4sse.\n\t<\/h2>\n\t<h3>Wir unterst\u00fctzen die Er\u00f6ffnungskonferenz am 21. November 2019 im Kunsthaus Z\u00fcrich.<\/h3>\n\t\t\t\t<img loading=\"lazy\" decoding=\"async\" src=\"https:\/\/www.welti-furrer.ch\/wp-content\/uploads\/2019\/09\/Frisch-Duerrenmatt-1024x631.jpg\" alt=\"Digitale Kolorierung des Originalbildes aus dem Jahr 1963\" itemprop=\"image\" height=\"631\" width=\"1024\" title=\"Frisch und D\u00fcrrenmatt in der Kronenhalle in Z\u00fcrich\"  \/>\n\t<p>In Z\u00fcrich widmet sich eine neue Institution Nachl\u00e4ssen der Bereiche Kunst, Musik und Literatur.<\/p>\n<p>Das dieses Jahr gegr\u00fcndete Zentrum f\u00fcr k\u00fcnstlerische Nachl\u00e4sse (ZKN) f\u00fchrt am 21. November 2019 seine Er\u00f6ffnungskonferenz durch. Dabei unterst\u00fctzen wir es gerne.<\/p>\n<p>Sammlerinnen, K\u00fcnstler, Musikerinnen und Schriftsteller: Alle vererben sie einmal ihre materiellen und immateriellen Werke und haben sich dabei mit \u00e4hnlichen Fragen auseinanderzusetzen: Wer soll dereinst die k\u00fcnstlerischen und die kommerziellen Entscheidungen \u00fcber die vererbten Werke treffen? Wie kann eine Strategie aussehen, um einen k\u00fcnstlerischen Nachlass auch f\u00fcr zuk\u00fcnftige Generationen relevant und interessant zu halten? Wie l\u00e4sst sich der finanzielle Wert eines k\u00fcnstlerischen Nachlasses sch\u00e4tzen und wie ist mit den urheberrechtlichen Besonderheiten bez\u00fcglich der immateriellen Werke in einer Nachlasssituation umzugehen? Damit diese und weitere Themenkomplexe rund um Nachl\u00e4sse der Bereiche Kunst, Musik und Literatur mehr Aufmerksamkeit erfahren, haben Florian Schmidt-Gabain und Thomas Str\u00e4ssle dieses Jahr das \u00abZentrum f\u00fcr k\u00fcnstlerische Nachl\u00e4sse\u00bb (ZKN) gegr\u00fcndet (<a href=\"http:\/\/www.zkn.ch\">www.zkn.ch<\/a>). Ein besonderes Anliegen ist es den beiden Gr\u00fcndern, eine Institution mit einer f\u00e4cher\u00fcbergreifenden Perspektive zu schaffen. Deshalb deckt das ZKN nicht nur ein k\u00fcnstlerisches Gebiet, sondern deren mehrere ab.<\/p>\n<p>Die Hauptaktivit\u00e4t des ZKN besteht in der Organisation von Veranstaltungen, bei denen es um die relevanten Fragen f\u00fcr k\u00fcnstlerische Nachl\u00e4sse geht.<\/p>\n<p>Welt-Furrer Fine Art freut sich, das Zentrum f\u00fcr k\u00fcnstlerische Nachl\u00e4sse zu unterst\u00fctzen.<\/p>\n<p>&nbsp;<\/p>\n\t<p>Die erste dieser Veranstaltungen ist die Er\u00f6ffnungskonferenz des ZKN, die am 21. November 2019 im Kunsthaus Z\u00fcrich stattfindet. Anhand von vier Nachl\u00e4ssen wird beispielhaft er\u00f6rtert, wie k\u00fcnstlerische Nachl\u00e4sse geplant, verwaltet und weiterentwickelt werden k\u00f6nnen. Im Einzelnen setzen sich die Referentinnen und Referenten mit folgenden Nachl\u00e4ssen auseinander:<\/p>\n<ul>\n<li>Dem Nachlass der vor kurzem wiederentdeckten schwedischen Pionierin der abstrakten Malerei Hilma af Klint (1862\u20131944) [Referentin: Dr. Iris M\u00fcller-Westermann, Direktorin Moderna Museet Malm\u00f6, Schweden]<\/li>\n<li>Dem Nachlass eines der bekanntesten Sammler der Schweiz, Emil G. B\u00fchrle, dessen Sammlung in den Erweiterungsbau des Kunsthauses Z\u00fcrich einziehen wird [Referent: Dr. Lukas Gloor, Direktor Stiftung Emil B\u00fchrle]<\/li>\n<li>Dem (musikalischen) Nachlass von Charlie Chaplin, der \u2013 was oft wenig bekannt ist \u2013 seine Filmmusik selbst komponiert hat [Referentin: Kate Guyonvarch, Direktorin Chaplin Office Paris]<\/li>\n<li>Dem Nachlass von Max Frisch, welcher schon zu Lebzeiten die Max Frisch-Stiftung gegr\u00fcndet und zur Nachlasspflege vorgesehen hatte [Referent: Prof. Dr. Thomas Str\u00e4ssle, Pr\u00e4sident Max Frisch-Stiftung und Vizepr\u00e4sident ZKN]<\/li>\n<\/ul>\n<p><strong>Er\u00f6ffnungskonferenz am 21. November 2019 in Z\u00fcrich<\/strong><\/p>\n<p>Programm:\u00a0<a href=\"https:\/\/zkn.ch\/programm\/\">https:\/\/zkn.ch\/programm\/<\/a><\/p>\n<p>Anmeldung:\u00a0<a href=\"https:\/\/zkn.ch\/anmeldung\/\">https:\/\/zkn.ch\/anmeldung\/<\/a><\/p>\n<p><strong>Zentrum f\u00fcr k\u00fcnstlerische Nachl\u00e4sse (ZKN), <a href=\"http:\/\/www.zkn.ch\">www.zkn.ch<\/a><\/strong><\/p>\n<h2>\n\t\tGesicherte Nachteinstellung f\u00fcr Kunst-LKW.\n\t<\/h2>\n\t<h3>Auch Kunst-Transporter und deren Chauffeure \u00fcbernachten gerne bei uns.<\/h3>\n\t\t\t\t<img loading=\"lazy\" decoding=\"async\" src=\"https:\/\/www.welti-furrer.ch\/wp-content\/uploads\/2019\/03\/Geb\u00e4ude_006_LukasPitsch_DJI_0467.jpg\" alt=\"Geb\u00e4ude_006_LukasPitsch_DJI_0467\" itemprop=\"image\" height=\"3331\" width=\"5000\" title=\"Geb\u00e4ude_006_LukasPitsch_DJI_0467\"  \/>\n\t\t\t\t<img loading=\"lazy\" decoding=\"async\" src=\"https:\/\/www.welti-furrer.ch\/wp-content\/uploads\/2019\/09\/FineArt_047_LukasPitsch_LD5_9370.jpg\" alt=\"FineArt_047_LukasPitsch_LD5_9370\" itemprop=\"image\" height=\"3335\" width=\"5000\" title=\"FineArt_047_LukasPitsch_LD5_9370\"  \/>\n\t<p>Kann der Kunsttransporter aufgrund von Nachtfahrverbot oder \u00e4hnlichem nicht mehr rechtzeitig an den Zielort kommen, bieten wir eine gesicherte Nachteinstellung f\u00fcr die heikle und wertvolle Fracht in unserem neuen Kunstlager an. Die Temperatur im Laderaum des LKW kann auch nach Abschalten des Motors w\u00e4hrend der Nacht ohne Ver\u00e4nderung gehalten werden. Ein Anschluss an unsere hausinterne Energieversorgung macht es m\u00f6glich!<\/p>\n\t<p>F\u00fcr die \u00dcbernachtung der Chauffeure halten wir zudem zwei gut ausgestattete Zimmer zu attraktiven Preisen auf unserem Gel\u00e4nde bereit.<\/p>\n<p>Weitere Informationen hierzu erhalten Sie bei unserer Disposition unter der Telefonnummer 0041 44 444 13 68 oder email <a href=\"mailto:overnight@welti-furrer.ch\">overnight@welti-furrer.ch<\/a><\/p>\n        <a href=\"https:\/\/www.welti-furrer.ch\/en\/2020\/04\/06\/6788\/\" rel=\"bookmark\" title=\"Luftbr\u00fccke China \u2013Schweiz\">\n                <h3>\n                    Luftbr\u00fccke China \u2013Schweiz                <\/h3>\n        <\/a>\n        <a href=\"https:\/\/www.welti-furrer.ch\/en\/2019\/12\/03\/groesste-siebanlage-fuer-die-granulatherstellung\/\" rel=\"bookmark\" title=\"Gr\u00f6sste Siebanlage f\u00fcr die Granulatherstellung\">\n                <h3>\n                    Gr\u00f6sste Siebanlage f\u00fcr die Granulatherstellung                <\/h3>\n        <\/a>\n        <a href=\"https:\/\/www.welti-furrer.ch\/en\/2019\/10\/16\/puzzlespiel-der-anderen-art\/\" rel=\"bookmark\" title=\"Puzzlespiel der anderen Art\">\n                <h3>\n                    Puzzlespiel der anderen Art                <\/h3>\n        <\/a>\n        <a href=\"https:\/\/www.welti-furrer.ch\/2019\/08\/15\/newsletter-herbst-2019\/\" rel=\"bookmark\" title=\"Gemeinsam k\u00f6nnen wir so viel erreichen\">\n                <h3>\n                    Gemeinsam k\u00f6nnen wir so viel erreichen                <\/h3>\n        <\/a>\n        <a href=\"https:\/\/www.welti-furrer.ch\/2019\/07\/22\/treibstofftank-auf-dem-weg-in-ein-zweites-leben\/\" rel=\"bookmark\" title=\"Treibstofftank auf dem Weg in ein zweites Leben\">\n                <h3>\n                    Treibstofftank auf dem Weg in ein zweites Leben                <\/h3>\n        <\/a>\n        <a href=\"https:\/\/www.welti-furrer.ch\/2019\/07\/19\/grove-gmk-4100l-1-in-aktion\/\" rel=\"bookmark\" title=\"Grove GMK 4100L-1 in Aktion\">\n                <h3>\n                    Grove GMK 4100L-1 in Aktion                <\/h3>\n        <\/a>\n        <a href=\"https:\/\/www.welti-furrer.ch\/2019\/07\/11\/dreizehn-rechteckstraeger-in-einem-tag-montiert\/\" rel=\"bookmark\" title=\"Dreizehn Rechteckstr\u00e4ger in einem Tag montiert\">\n                <h3>\n                    Dreizehn Rechteckstr\u00e4ger in einem Tag montiert                <\/h3>\n        <\/a>\n        <a href=\"https:\/\/www.welti-furrer.ch\/2019\/07\/01\/spektakulaere-zuegelaktion-in-frick\/\" rel=\"bookmark\" title=\"Spektakul\u00e4re Z\u00fcgelaktion in Frick\">\n                <h3>\n                    Spektakul\u00e4re Z\u00fcgelaktion in Frick                <\/h3>\n        <\/a>\n        <a href=\"https:\/\/www.welti-furrer.ch\/2019\/06\/18\/spezialtransporte-mobilkran-und-industrieumzuege-zusammen-im-glarnerland\/\" rel=\"bookmark\" title=\"Spezialtransporte, Mobilkran und Industrieumz\u00fcge &#8211; zusammen im Glarnerland\">\n                <h3>\n                    Spezialtransporte, Mobilkran und Industrieumz\u00fcge &#8211; zusammen im Glarnerland                <\/h3>\n        <\/a>\n        <a href=\"https:\/\/www.welti-furrer.ch\/2019\/05\/28\/unter-strom\/\" rel=\"bookmark\" title=\"Unter Strom\">\n                <h3>\n                    Unter Strom                <\/h3>\n        <\/a>\n","protected":false},"excerpt":{"rendered":"<p>Herbst 2019 Wir sind f\u00fcr Sie da! (Beinahe) rund um die Uhr erreichbar! Zentrum f\u00fcr k\u00fcnstlerische Nachl\u00e4sse. Gesicherte Nachteinstellung. Seit August 2018 ist Ivana Kaiser an unserem neuen Standort in Dielsdorf f\u00fcr die Disposition aller Kunsttransporte und -installationen zust\u00e4ndig. Mehr erfahren Das Zentrum f\u00fcr k\u00fcnstlerische Nachl\u00e4sse (ZKN) wurde dieses Jahr gegr\u00fcndet und f\u00fchrt am 21. [&hellip;]<\/p>\n","protected":false},"author":2,"featured_media":9963,"comment_status":"open","ping_status":"open","sticky":false,"template":"","format":"standard","meta":{"footnotes":""},"categories":[105,5],"tags":[],"class_list":["post-10288","post","type-post","status-publish","format-standard","has-post-thumbnail","hentry","category-kunstlogistik-en","category-uncategorized"],"_links":{"self":[{"href":"https:\/\/www.welti-furrer.ch\/en\/wp-json\/wp\/v2\/posts\/10288","targetHints":{"allow":["GET"]}}],"collection":[{"href":"https:\/\/www.welti-furrer.ch\/en\/wp-json\/wp\/v2\/posts"}],"about":[{"href":"https:\/\/www.welti-furrer.ch\/en\/wp-json\/wp\/v2\/types\/post"}],"author":[{"embeddable":true,"href":"https:\/\/www.welti-furrer.ch\/en\/wp-json\/wp\/v2\/users\/2"}],"replies":[{"embeddable":true,"href":"https:\/\/www.welti-furrer.ch\/en\/wp-json\/wp\/v2\/comments?post=10288"}],"version-history":[{"count":0,"href":"https:\/\/www.welti-furrer.ch\/en\/wp-json\/wp\/v2\/posts\/10288\/revisions"}],"wp:featuredmedia":[{"embeddable":true,"href":"https:\/\/www.welti-furrer.ch\/en\/wp-json\/wp\/v2\/media\/9963"}],"wp:attachment":[{"href":"https:\/\/www.welti-furrer.ch\/en\/wp-json\/wp\/v2\/media?parent=10288"}],"wp:term":[{"taxonomy":"category","embeddable":true,"href":"https:\/\/www.welti-furrer.ch\/en\/wp-json\/wp\/v2\/categories?post=10288"},{"taxonomy":"post_tag","embeddable":true,"href":"https:\/\/www.welti-furrer.ch\/en\/wp-json\/wp\/v2\/tags?post=10288"}],"curies":[{"name":"wp","href":"https:\/\/api.w.org\/{rel}","templated":true}]}}