{"id":10286,"date":"2019-11-20T14:42:36","date_gmt":"2019-11-20T13:42:36","guid":{"rendered":"https:\/\/welti-furrer.ch\/2019\/11\/20\/wir-behandeln-kunst-so-vorsichtig-als-haetten-wir-sie-selbst-geschaffen\/"},"modified":"2019-11-20T14:42:36","modified_gmt":"2019-11-20T13:42:36","slug":"wir-behandeln-kunst-so-vorsichtig-als-haetten-wir-sie-selbst-geschaffen","status":"publish","type":"post","link":"https:\/\/www.welti-furrer.ch\/en\/2019\/11\/20\/wir-behandeln-kunst-so-vorsichtig-als-haetten-wir-sie-selbst-geschaffen\/","title":{"rendered":"Wir behandeln Kunst so vorsichtig, als h\u00e4tten wir sie selbst geschaffen."},"content":{"rendered":"\n\t\t<h1><\/h1>\t\t\n\t\t\t<h3><strong>Herbst 2019<\/strong><\/h3>\n\t\t\t\t<img fetchpriority=\"high\" decoding=\"async\" src=\"https:\/\/www.welti-furrer.ch\/wp-content\/uploads\/2019\/11\/Frida-Kahlo.jpg\" alt=\"Frida Kahlo\" itemprop=\"image\" height=\"861\" width=\"1375\" title=\"Frida Kahlo\"  \/>\n\t<h2><\/h2>\n<h2>Wir behandeln Kunst so vorsichtig, als h\u00e4tten wir sie selbst geschaffen.<\/h2>\n\t\t\t\t<img decoding=\"async\" src=\"https:\/\/www.welti-furrer.ch\/wp-content\/uploads\/2019\/11\/Foto_motten_ingo_bartussek_fotolia_24492475_m-650x325.jpg\" alt=\"Foto_motten_ingo_bartussek_fotolia_24492475_m\" itemprop=\"image\" height=\"325\" width=\"650\" title=\"Foto_motten_ingo_bartussek_fotolia_24492475_m\"  \/>\n\t\t\t\t<img decoding=\"async\" src=\"https:\/\/www.welti-furrer.ch\/wp-content\/uploads\/2019\/11\/Kulturg\u00fcterschutz-650x320.jpg\" alt=\"Kulturg\u00fcterschutz\" itemprop=\"image\" height=\"320\" width=\"650\" title=\"Kulturg\u00fcterschutz\"  \/>\n\t\t\t\t<img loading=\"lazy\" decoding=\"async\" src=\"https:\/\/www.welti-furrer.ch\/wp-content\/uploads\/2019\/11\/Umz\u00fcgeDielsdorf_002_LukasPitsch_DSC_0127-650x433.jpg\" alt=\"Umz\u00fcgeDielsdorf_002_LukasPitsch_DSC_0127\" itemprop=\"image\" height=\"433\" width=\"650\" title=\"Umz\u00fcgeDielsdorf_002_LukasPitsch_DSC_0127\"  \/>\n<h3>\n\t\tWas tun bei Sch\u00e4dlingsbefall?\n\t<\/h3>\n<h3>\n\t\tTagung zum Kulturg\u00fcterschutz\n\t<\/h3>\n<h3>\n\t\tR\u00fcckblick und Ausblick\n\t<\/h3>\n\t<p>Wenn Kulturgut durch Sch\u00e4dlinge wie Papierfischchen, Teppichk\u00e4fer, Pelzmotten oder den gemeinen Nagek\u00e4fer (auch als Holzwurm bekannt) bedroht oder gar schon befallen ist, gilt es rasch zu handeln.<\/p>\n            <a href=\"#beitrag_01\" target=\"\" rel=\"noopener noreferrer\">\n                Mehr erfahren            <\/a>\n\t<p>Der Brand in der Herzogin Anna Amalia-Bibliothek in Weimar, die Hochwasser in Dresden oder Halle und erst k\u00fcrzlich der Brand der Kathedrale Notre-Dame in Paris und das Hochwasser in Venedig:\u00a0Kunst- und Kulturgut ist zahlreichen Gefahren ausgesetzt.<\/p>\n            <a href=\"#beitrag_02\" target=\"\" rel=\"noopener noreferrer\">\n                Mehr erfahren            <\/a>\n\t<p>Seit September 2018 arbeiten wir in unserem neuen Kunstlager in Dielsdorf. Wir sind sehr zufrieden mit der hochmodernen Logistik-Infrastruktur und konnten viele anspruchsvolle und auch komplexe Auftr\u00e4ge erfolgreich abwickeln.<\/p>\n            <a href=\"#beitrag_03\" target=\"\" rel=\"noopener noreferrer\">\n                Mehr erfahren            <\/a>\n<h2>\n\t\tWas tun bei Sch\u00e4dlingsbefall?\n\t<\/h2>\n\t<h3>In unserer Stickstoffkammer im Kunstlager Dielsdorf r\u00fccken wir Sch\u00e4dlingen wir Teppichmotten, Silberfischchen oder dem Holzwurm zu Leibe, ohne empfindliches Kulturgut zu sch\u00e4digen.<\/h3>\n\t\t\t\t<img loading=\"lazy\" decoding=\"async\" src=\"https:\/\/www.welti-furrer.ch\/wp-content\/uploads\/2019\/11\/Stickstoffraum_Technik_3-1140x754.jpg\" alt=\"Stickstoffraum_Technik_3\" itemprop=\"image\" height=\"754\" width=\"1140\" title=\"Stickstoffraum_Technik_3\"  \/>\n\t\t\t\t<img loading=\"lazy\" decoding=\"async\" src=\"https:\/\/www.welti-furrer.ch\/wp-content\/uploads\/2019\/11\/Stickstoffraum_0-1140x757.jpg\" alt=\"Stickstoffraum_0\" itemprop=\"image\" height=\"757\" width=\"1140\" title=\"Stickstoffraum_0\"  \/>\n\t<p>Sind Kunstwerke oder Antiquit\u00e4ten mit Sch\u00e4dlingen befallen, gilt es rasch zu handeln.<\/p>\n<p>Nicht selten f\u00fchrt n\u00e4mlich ein Befall zur v\u00f6lligen Zerst\u00f6rung und damit dem unwiederbringlichen Verlust wertvoller Kulturgegenst\u00e4nde wie Antiquit\u00e4ten, Skulpturen aus Holz, Teppichen oder historischen Textilien wie Kost\u00fcmen, antiquarischen B\u00fcchern oder taxidermischen Exponaten.<\/p>\n<p>Was tun?<\/p>\n<p>In unserem neuen Kunstlager in Dielsdorf bei Z\u00fcrich haben wir vor Kurzem eine Anoxia-Kammer zur Sch\u00e4dlingsbek\u00e4mpfung in Betrieb nehmen k\u00f6nnen. Durch den kompletten Sauerstoffentzug sterben Sch\u00e4dlinge in allen Entwicklungsstadien ab, ohne dass das zu behandelnde Kulturgut Schaden nimmt.<\/p>\n\t<p>Die zu behandelnden Objekte werden w\u00e4hrend 3 bis 8 Wochen in dieser speziellen Kammer behandelt. W\u00e4hrend des Prozesses wird der Sauerstoffgehalt in der Atmosph\u00e4re durch Stickstoff ersetzt, bis nur noch ein sehr geringer Restsauerstoffgehalt von weniger als 900ppm (= weniger als 1 Promille) bleibt. Gleichzeitig wird sowohl die Temperatur als auch die relative Luftfeuchtigkeit geregelt und kontinuierlich kontrolliert.<\/p>\n<p>Der Stoffwechsel von Insekten in allen Entwicklungsstadien, sei es als adultes Insekt, als Larve, Puppe oder Ei, bricht durch den kompletten Sauerstoffentzug zusammen. Die Sch\u00e4dlinge ersticken und sterben vollst\u00e4ndig an. Auch Milben, die mit anderen Methoden nur sehr schwer abzut\u00f6ten sind, werden durch den Sauerstoffentzug zu 100% vernichtet.<\/p>\n\t\t\t\t<img loading=\"lazy\" decoding=\"async\" src=\"https:\/\/www.welti-furrer.ch\/wp-content\/uploads\/2019\/11\/Stickstoffraum_T\u00fcre.jpg\" alt=\"Stickstoffraum_T\u00fcre\" itemprop=\"image\" height=\"919\" width=\"1391\" title=\"Stickstoffraum_T\u00fcre\"  \/>\n\t<p>Weitere Informationen erhalten Sie unter <a href=\"mailto:artstorage@welti-furrer.ch\">artstorage@welti-furrer.ch<\/a> oder im angeh\u00e4ngten Prospekt.<\/p>\n<p><a href=\"https:\/\/www.welti-furrer.ch\/wp-content\/uploads\/2019\/11\/Sch\u00e4dlingsbek\u00e4mpfung.pdf\">Sch\u00e4dlingsbek\u00e4mpfung<\/a><\/p>\n<p><a href=\"https:\/\/www.welti-furrer.ch\/wp-content\/uploads\/2019\/11\/Infestation-parasitaire.pdf\">Infestation parasitaire<\/a><\/p>\n<p><a href=\"https:\/\/www.welti-furrer.ch\/wp-content\/uploads\/2019\/11\/Pest-infestation.pdf\">Pest infestation<\/a><\/p>\n<h2>\n\t\tTagung zum Kulturg\u00fcterschutz\n\t<\/h2>\n\t<h3>Kunst und Kulturg\u00fcter in Gefahr &#8211; richtig handeln in Notf\u00e4llen.<\/h3>\n\t\t\t\t<img loading=\"lazy\" decoding=\"async\" src=\"https:\/\/www.welti-furrer.ch\/wp-content\/uploads\/2019\/11\/Kulturg\u00fcterschutz.jpg\" alt=\"Kulturg\u00fcterschutz\" itemprop=\"image\" height=\"1045\" width=\"2121\" title=\"Kulturg\u00fcterschutz\"  \/>\n\t<p>Es gibt vielerlei Ereignisse, die Kunst- und Kulturg\u00fcter gef\u00e4hrden k\u00f6nnen: eine Naturgefahr wie Hochwasser oder Erdrutsch beispielsweise, aber auch ein Brandvorfall mit Rauch- und Hitzeentwicklung sowie L\u00f6schwasser und viele weitere Szenarien.<\/p>\n<p>Um in einem Notfall richtig handeln zu k\u00f6nnen, muss man vorbereitet sein. Dies beginnt bereits mit der Risikoanalyse, welchen unmittelbaren Gefahren ein Museum oder eine Sammlung ausgesetzt sein k\u00f6nnen, und m\u00fcndet in die Planung eines konkreten Notfallmanagements. Ausgewiesene Experten aus dem Bereich der Beratung und Pr\u00e4vention sowie direkt Betroffene berichten an dieser Fachtagung am 13. Januar 2020 im Museum f\u00fcr Gestaltung in Z\u00fcrich von ihren Erfahrungen.<\/p>\n<p>&nbsp;<\/p>\n<p>&nbsp;<\/p>\n\t<p>Museumsfachleute, Restauratoren, Versicherer, Kuturg\u00fcterschutzbeauftragte sowie Sicherheitsverantwortliche und Brandschutzfachleute k\u00f6nnen sich an dieser Tagung gezielt informieren und austauschen.<\/p>\n<p>Das genaue Programm f\u00fcr den 13.1.2020 entnehmen Sie bitte dem angeh\u00e4ngten Einladungsschreiben.<\/p>\n<p><a href=\"https:\/\/www.welti-furrer.ch\/wp-content\/uploads\/2019\/11\/sgkgs_einladung-1.pdf\">sgkgs_einladung<\/a><\/p>\n<p>Mit dem untenstehenden Anmeldeformular k\u00f6nnen Sie sich direkt beim Veranstalter anmelden.<\/p>\n<p><a href=\"https:\/\/www.welti-furrer.ch\/wp-content\/uploads\/2019\/11\/sgkgs_anmeldung-1.pdf\">sgkgs_anmeldung<\/a><\/p>\n<p>&nbsp;<\/p>\n<h2>\n\t\tR\u00fcckblick und Ausblick.\n\t<\/h2>\n\t<h3>Das Jahr neigt sich dem Ende zu und wir blicken zur\u00fcck.<\/h3>\n\t\t\t\t<img loading=\"lazy\" decoding=\"async\" src=\"https:\/\/www.welti-furrer.ch\/wp-content\/uploads\/2019\/11\/FineArt_033_LukasPitsch_DSC_0194-1140x760.jpg\" alt=\"FineArt_033_LukasPitsch_DSC_0194\" itemprop=\"image\" height=\"760\" width=\"1140\" title=\"FineArt_033_LukasPitsch_DSC_0194\"  \/>\n\t\t\t\t<img loading=\"lazy\" decoding=\"async\" src=\"https:\/\/www.welti-furrer.ch\/wp-content\/uploads\/2019\/11\/FineArt_038_LukasPitsch_LD5_9324-1140x760.jpg\" alt=\"FineArt_038_LukasPitsch_LD5_9324\" itemprop=\"image\" height=\"760\" width=\"1140\" title=\"FineArt_038_LukasPitsch_LD5_9324\"  \/>\n\t\t\t\t<img loading=\"lazy\" decoding=\"async\" src=\"https:\/\/www.welti-furrer.ch\/wp-content\/uploads\/2019\/11\/FineArt_047_LukasPitsch_LD5_9370-1140x760.jpg\" alt=\"gesch\u00fctzte Anlieferung\" itemprop=\"image\" height=\"760\" width=\"1140\" title=\"FineArt_047_LukasPitsch_LD5_9370\"  \/>\n\t<p>Zufrieden und dankbar schauen wir auf das Jahr zur\u00fcck.<\/p>\n<p>Zufrieden sind wir mit unserer neuen Kunstlogistik-Infrastruktur in Dielsdorf, die alle unsere Anforderungen erf\u00fcllt. Der Umzug letztes Jahr hat reibungslos geklappt und die Prozesse und Abl\u00e4ufe im neuen Umfeld haben sich gut eingespielt.<\/p>\n<p>Auch konnte sich unser hochmodernes Lager bereits mehrfach in anspruchsvollen Ausstellungsprojekten und f\u00fcr aussergew\u00f6hnliche Lagerobjekte bew\u00e4hren. Unsere Viewingrooms sind gut besetzt und im Atelier wird fleissig gearbeitet.<\/p>\n<p>Im Fr\u00fchling durften wir zudem ein weiteres Mosaiksteinchen unserer umfassenden Infrastruktur in Betrieb nehmen: unsere Sch\u00e4dlingsbek\u00e4mpfungsanlage.<\/p>\n<p>Nun betreiben wir eine der gr\u00f6ssten Stickstoffkammern zur Bek\u00e4mpfung von Insekten in der Schweiz und sch\u00fctzen so unser Lager vor unwillkommenen G\u00e4sten. Wir durften bereits bei mehreren privaten Sammlern und Museen diverse Objekte abholen, um diese in unserer Kammer zu behandeln. Wir freuen uns, dadurch einen wichtigen Beitrag zum Schutz von wertvollem Kulturgut zu leisten.<\/p>\n\t<p>Dankbar sind wir vor allem Ihnen, unseren Kunden. So durften wir auch in diesem Jahr f\u00fcr Sie viele spannende und herausfordernde Auftr\u00e4ge meistern, sei es die Organisation von komplexen Ausstellungen, die Installation von anspruchsvollen Kunstwerken oder die Betreuung von \u00fcber 80 Galerien an der Art Basel.<\/p>\n<p>Auch unsere Fahrzeugflotte war rund ums Jahr gut ausgelastet. Regelm\u00e4ssig sind wir in ganz Europa unterwegs und transportieren Kunst sicher von und zu den wichtigsten Kunsthandelszentren wie Paris oder London.<\/p>\n<p>Unsere Mitarbeiterinnen und Mitarbeiter konnten in all diesen vielf\u00e4ltigen Aufgaben ihr ganzes K\u00f6nnen unter Beweis stellen. Wir waren mit viel Freude und Herzblut in Ihrem Auftrag t\u00e4tig!<\/p>\n<p>F\u00fcr das kommende Jahr sind wir gut aufgestellt und blicken daher zuversichtlich in die Zukunft. Wir freuen uns auf 2020 und vor allem auf die wertvolle Zusammenarbeit mit Ihnen!<\/p>\n<p>Thomas Aebischer, Gesch\u00e4ftsf\u00fchrer Welti-Furrer Fine Art AG<\/p>\n\t\t\t\t<img loading=\"lazy\" decoding=\"async\" src=\"https:\/\/www.welti-furrer.ch\/wp-content\/uploads\/2019\/11\/FineArt_071_LukasPitsch_DSC_0353-1140x760.jpg\" alt=\"FineArt_071_LukasPitsch_DSC_0353\" itemprop=\"image\" height=\"760\" width=\"1140\" title=\"FineArt_071_LukasPitsch_DSC_0353\"  \/>\n\t<p>&nbsp;<\/p>\n<p>&nbsp;<\/p>\n<p>&nbsp;<\/p>\n<p>Wir freuen uns auf Ihre Kontaktaufnahme und stehen Ihnen gerne zur Verf\u00fcgung:<\/p>\n<p>Einlagerungen: <a href=\"mailto:kunstlager@welti-furrer.ch\">kunstlager@welti-furrer.ch<\/a><\/p>\n<p>Transporte: <a href=\"mailto:fineart@welti-furrer.ch\">fineart@welti-furrer.ch<\/a><\/p>\n","protected":false},"excerpt":{"rendered":"<p>Herbst 2019 Wir behandeln Kunst so vorsichtig, als h\u00e4tten wir sie selbst geschaffen. Was tun bei Sch\u00e4dlingsbefall? Tagung zum Kulturg\u00fcterschutz R\u00fcckblick und Ausblick Wenn Kulturgut durch Sch\u00e4dlinge wie Papierfischchen, Teppichk\u00e4fer, Pelzmotten oder den gemeinen Nagek\u00e4fer (auch als Holzwurm bekannt) bedroht oder gar schon befallen ist, gilt es rasch zu handeln. Mehr erfahren Der Brand in [&hellip;]<\/p>\n","protected":false},"author":2,"featured_media":10017,"comment_status":"open","ping_status":"open","sticky":false,"template":"","format":"standard","meta":{"footnotes":""},"categories":[105,5],"tags":[107,108,109],"class_list":["post-10286","post","type-post","status-publish","format-standard","has-post-thumbnail","hentry","category-kunstlogistik-en","category-uncategorized","tag-kunstlagerung-en","tag-kunstlogistik-en","tag-stickstoffbehandlung-en"],"_links":{"self":[{"href":"https:\/\/www.welti-furrer.ch\/en\/wp-json\/wp\/v2\/posts\/10286","targetHints":{"allow":["GET"]}}],"collection":[{"href":"https:\/\/www.welti-furrer.ch\/en\/wp-json\/wp\/v2\/posts"}],"about":[{"href":"https:\/\/www.welti-furrer.ch\/en\/wp-json\/wp\/v2\/types\/post"}],"author":[{"embeddable":true,"href":"https:\/\/www.welti-furrer.ch\/en\/wp-json\/wp\/v2\/users\/2"}],"replies":[{"embeddable":true,"href":"https:\/\/www.welti-furrer.ch\/en\/wp-json\/wp\/v2\/comments?post=10286"}],"version-history":[{"count":0,"href":"https:\/\/www.welti-furrer.ch\/en\/wp-json\/wp\/v2\/posts\/10286\/revisions"}],"wp:featuredmedia":[{"embeddable":true,"href":"https:\/\/www.welti-furrer.ch\/en\/wp-json\/wp\/v2\/media\/10017"}],"wp:attachment":[{"href":"https:\/\/www.welti-furrer.ch\/en\/wp-json\/wp\/v2\/media?parent=10286"}],"wp:term":[{"taxonomy":"category","embeddable":true,"href":"https:\/\/www.welti-furrer.ch\/en\/wp-json\/wp\/v2\/categories?post=10286"},{"taxonomy":"post_tag","embeddable":true,"href":"https:\/\/www.welti-furrer.ch\/en\/wp-json\/wp\/v2\/tags?post=10286"}],"curies":[{"name":"wp","href":"https:\/\/api.w.org\/{rel}","templated":true}]}}