{"id":10283,"date":"2020-03-18T11:13:01","date_gmt":"2020-03-18T10:13:01","guid":{"rendered":"https:\/\/welti-furrer.ch\/2020\/03\/18\/newsletter-fruehling-2020-wir-sind-fuer-sie-da\/"},"modified":"2021-11-30T14:23:38","modified_gmt":"2021-11-30T13:23:38","slug":"newsletter-fruehling-2020-wir-sind-fuer-sie-da","status":"publish","type":"post","link":"https:\/\/www.welti-furrer.ch\/en\/2020\/03\/18\/newsletter-fruehling-2020-wir-sind-fuer-sie-da\/","title":{"rendered":"Newsletter Fr\u00fchling 2020. Immer f\u00fcr Sie im Einsatz."},"content":{"rendered":"\n\n\t\t<h3><\/h3>\t\t\n\t\t\t<h3><strong>Fr\u00fchling 2020<\/strong><\/h3>\n\t\t\t\t<img fetchpriority=\"high\" decoding=\"async\" src=\"https:\/\/www.welti-furrer.ch\/wp-content\/uploads\/2020\/03\/FineArt_004_LukasPitsch_LD5_9233-1140x794.jpg\" alt=\"Verpackungsmaterialien\" itemprop=\"image\" height=\"794\" width=\"1140\" title=\"FineArt_004_LukasPitsch_LD5_9233\" onerror=\"this.style.display='none'\"  \/>\n<h1>\n\t\tImmer f\u00fcr Sie im Einsatz. Auch in schwierigen Zeiten.\n\t<\/h1>\n\t\t\t\t<img decoding=\"async\" src=\"https:\/\/www.welti-furrer.ch\/wp-content\/uploads\/2019\/11\/FineArt_047_LukasPitsch_LD5_9370-650x434.jpg\" alt=\"gesch\u00fctzte Anlieferung\" itemprop=\"image\" height=\"434\" width=\"650\" title=\"Welti-Furrer Kunstlager\" onerror=\"this.style.display='none'\"  \/>\n\t\t\t\t<img decoding=\"async\" src=\"https:\/\/www.welti-furrer.ch\/wp-content\/uploads\/2020\/03\/TFA-Logo_Marketing-1-1-650x236.jpg\" alt=\"TFA-Logo_Marketing\" itemprop=\"image\" height=\"236\" width=\"650\" title=\"TFA-Logo_Marketing\" onerror=\"this.style.display='none'\"  \/>\n<h3>\n\t\tF\u00fcr Sie im Einsatz. Auch in schwierigen Zeiten.\n\t<\/h3>\n<h3>\n\t\tEine besondere Dienstleistung f\u00fcr Kunstsammler.\n\t<\/h3>\n\t<p>Auch in Zeiten des Corona Virus k\u00f6nnen wir eine Reihe von Dienstleistungen anbieten.<\/p>\n            <a href=\"#beitrag_01\" target=\"\" rel=\"noopener\">\n                Mehr erfahren            <\/a>\n\t<p>Haben Sie als Sammler Fragen zu Sammlungsaufbau, Erweiterung oder Finanzierung, so gibt es Hilfe.<\/p>\n            <a href=\"#beitrag_03\" target=\"\" rel=\"noopener\">\n                Mehr erfahren            <\/a>\n<h2>\n\t\tF\u00fcr Sie im Einsatz. Auch in schwierigen Zeiten.\n\t<\/h2>\n\t<h3>COVID-19: Welti-Furrer Fine Art ist weiterhin operativ.<\/h3>\n\t<p>Welti-Furrer Fine Art hat sich in den letzten Tagen auf den Betrieb unter den aktuellen Randbedingungen eingestellt. Wir sind bereit und k\u00f6nnen Ihnen unsere Dienstleistungen weiterhin vollst\u00e4ndig anbieten. Dazu setzten wir diverse Massnahmen zur Sicherheit von Kunden und Personal um.<\/p>\n<p><strong>Ihre Ansprechpartner<\/strong> aus dem B\u00fcrobereich beispielsweise befinden sich momentan mehrheitlich im Home Office. Sie sind dort aber weiterhin <strong>wie gewohnt via Email oder Telefon erreichbar<\/strong> und stehen Ihnen gerne zur Verf\u00fcgung.<\/p>\n<p><strong>Kunsttransporte<\/strong> f\u00fchren wir selbst schweizweit weiterhin durch. Unsere Fahrzeuge sind bereit, die Tanks gef\u00fcllt und alle Mitarbeiter geschult in Bezug auf die nun geltenden Vorsichtsmassnahmen und einschl\u00e4gigen Regeln betreffend des Ansteckungsrisikos. Bei internationalen Transporten kann es zu Verz\u00f6gerungen kommen, da zum Beispiel Fl\u00fcge ausfallen oder G\u00fcter in Transitbereichen blockiert sind. Gerne stehen wir in diesem Fall f\u00fcr Fragen zu geplanten Transporten zur Verf\u00fcgung.<\/p>\n\t<p>Das <strong>Kunstlager<\/strong> in Dielsdorf ist weiterhin besetzt, es k\u00f6nnen wie gewohnt Ein- und Auslagerungen von Kunstwerken nach Voranmeldung vorgenommen werden.<\/p>\n<p>Auch <strong>Besichtigungen<\/strong> von Werken in unseren Viewing Rooms k\u00f6nnen in Gruppen bis maximal vier Personen stattfinden.<\/p>\n<p>Den n\u00e4chste Behandlungsprozess in der <strong>Stickstoffkammer gegen Sch\u00e4dlingsbefall<\/strong> haben wir auf den 1. April 2020 geplant. Anlieferungen hierzu sind noch m\u00f6glich.<\/p>\n<p>Wir freuen uns auf Ihre Auftr\u00e4ge und w\u00fcnschen Ihnen alles Gute. Bleiben Sie gesund!<\/p>\n<p>Ihre Ansprechpartner:<\/p>\n<ul>\n<li>Kunsttransporte: Robin Graber, <a href=\"mailto:robin.graber@welti-furrer.ch\">graber@welti-furrer.ch<\/a>, +41 44 444 13 69<\/li>\n<li>Ausstellungen: Anouk Cateland, <a href=\"mailto:anouk.cateland@welti-furrer.ch\">cateland@welti-furrer.ch<\/a>, +41 44 444 13 66<\/li>\n<li>Kunstlager: Gabriela Rossi Dubois, <a href=\"mailto:gabriela.rossi@welti-furrer.ch\">rossi@welti-furrer.ch<\/a>, +41 44 444 13 61<\/li>\n<\/ul>\n<p>Gesch\u00e4ftsleitung:<\/p>\n\n\t\t\t\t<img loading=\"lazy\" decoding=\"async\" src=\"https:\/\/www.welti-furrer.ch\/wp-content\/uploads\/2019\/11\/Stickstoffraum_T\u00fcre-650x429.jpg\" alt=\"Stickstoffraum_T\u00fcre\" itemprop=\"image\" height=\"429\" width=\"650\" title=\"Stickstoffraum_T\u00fcre\" onerror=\"this.style.display='none'\"  \/>\n\t\t\t\t<img loading=\"lazy\" decoding=\"async\" src=\"https:\/\/www.welti-furrer.ch\/wp-content\/uploads\/2019\/11\/FineArt_033_LukasPitsch_DSC_0194-650x433.jpg\" alt=\"FineArt_033_LukasPitsch_DSC_0194\" itemprop=\"image\" height=\"433\" width=\"650\" title=\"FineArt_033_LukasPitsch_DSC_0194\" onerror=\"this.style.display='none'\"  \/>\n<h2>\n\t\tThe Fine Art Group\n\t<\/h2>\n\t<h3>Beratung f\u00fcr Kunstsammler bei Sammlungsaufbau, Erweiterung und Finanzierung.<\/h3>\n\t\t\t\t<img decoding=\"async\" src=\"https:\/\/www.welti-furrer.ch\/wp-content\/uploads\/2020\/03\/TFA-Logo_Marketing-1-1-650x236.jpg\" alt=\"TFA-Logo_Marketing\" itemprop=\"image\" height=\"236\" width=\"650\" title=\"TFA-Logo_Marketing\" onerror=\"this.style.display='none'\"  \/>\n\t\t\t\t<img loading=\"lazy\" decoding=\"async\" src=\"https:\/\/www.welti-furrer.ch\/wp-content\/uploads\/2020\/03\/Jonathan-Levy_Colour2-650x975.jpg\" alt=\"Jonathan Levy_Colour2\" itemprop=\"image\" height=\"975\" width=\"650\" title=\"Jonathan Levy_Colour2\" onerror=\"this.style.display='none'\"  \/>\n\t\t\t\t<img loading=\"lazy\" decoding=\"async\" src=\"https:\/\/www.welti-furrer.ch\/wp-content\/uploads\/2020\/03\/Morgan-Long_colour_uncropped-650x977.jpg\" alt=\"Morgan Long_colour_uncropped\" itemprop=\"image\" height=\"977\" width=\"650\" title=\"Morgan Long_colour_uncropped\" onerror=\"this.style.display='none'\"  \/>\n\t<p>Egal, ob Sie eine Kunstsammlung aufbauen oder umstrukturieren, Liquidit\u00e4t freisetzen oder Ihr Anlageportfolio diversifizieren m\u00f6chten: als zuverl\u00e4ssiger Ratgeber bietet sich die Fine Art Group als unabh\u00e4ngige Beratung und im Hinblick auf effiziente Finanzierungen sowie massgeschneiderte Anlagem\u00f6glichkeiten an. Die Fine Art Group wurde im Jahr 2000 von Philip Hoffman, einem langj\u00e4hrigen Mitglied der Gesch\u00e4ftsf\u00fchrung des Auktionshauses Christie&#8217;s, gegr\u00fcndet. Heute besteht das Unternehmen aus einem internationalen Team von Kunstberatern und Kunstfinanzexperten, die sich daf\u00fcr einsetzen, ihre internationalen Kunden bei jeglichen Aktivit\u00e4ten im Kunstmarkt professionell zu unterst\u00fctzen. Die Arbeit der Fine Art Group fokussiert sich dabei auf drei Kernbereiche: Kunstberatung, Kunstfinanzierung und Kunstinvestments.<\/p>\n<p>Die Kunstberatung der Fine Art Group unterst\u00fctzt Sammler in jeder Phase des Sammlungszyklus, von der Auswahl und Beschaffung von Kunstwerken, \u00fcber das Sammlungsmanagement bis hin zu individualisierten Verkaufsstrategien. Ein tiefgr\u00fcndiges Verst\u00e4ndnis des Kunstmarktes und das kunsthistorische Wissen sind f\u00fcr die Fine Art Group von zentraler Bedeutung. Geleitet wird das siebenk\u00f6pfige Kunstteam von Morgan Long, einer langj\u00e4hrigen Expertin f\u00fcr Zeitgen\u00f6ssische und Nachkriegskunst.<\/p>\n\t<p>Das Team der Fine Art Group kann auf eine fast zwanzigj\u00e4hrige Geschichte im Umgang mit renommierten Kunstwerken auf dem internationalen Kunstmarkt zur\u00fcckblicken. Die Fine Art Group kombiniert professionelle Erfahrung mit einem hervorragenden internationalen Netzwerk an Fachexperten und tiefgreifenden Branchenkenntnissen. Die Expertise des hausinternen Kunstteams umfasst westliche Kunst von ca. 1500 bis in die Neuzeit, wobei der Schwerpunkt auf Werken des Impressionismus, der klassischen Moderne, zeitgen\u00f6ssischer Kunst sowie hochwertigem Schmuck liegt.<\/p>\n<p>Mit 120 Kunden in \u00fcber 20 L\u00e4ndern und einem Team, welches von London \u00fcber New York und von Dubai bis nach Z\u00fcrich reicht, ist die Fine Art Group ein international aufgestelltes Unternehmen. Letztes Jahr wurde die offizielle Niederlassung der Fine Art Group in Z\u00fcrich unter der Leitung von Jonathan Levy er\u00f6ffnet, um Kunden und Gesch\u00e4ftspartnern in Europa einen direkteren Service bieten zu k\u00f6nnen. In Z\u00fcrich aufgewachsen und in Grossbritannien ausgebildet, verf\u00fcgt Herr Levy \u00fcber langj\u00e4hrige Erfahrung im internationalen Kunstmarkt. Er arbeitete zuvor als Experte f\u00fcr zeitgen\u00f6ssische Kunst bei Christie&#8217;s in London und betreute sp\u00e4ter als Kunstexperte und Underwriter bei der AXA Art Kunstversicherung Sammlungen in der Schweiz, bevor er die Kunstabteilung eines Schweizer Family Offices leitete.<\/p>\n\n\n","protected":false},"excerpt":{"rendered":"<p>Fr\u00fchling 2020 Immer f\u00fcr Sie im Einsatz. Auch in schwierigen Zeiten. F\u00fcr Sie im Einsatz. Auch in schwierigen Zeiten. Eine besondere Dienstleistung f\u00fcr Kunstsammler. Auch in Zeiten des Corona Virus k\u00f6nnen wir eine Reihe von Dienstleistungen anbieten. Mehr erfahren Haben Sie als Sammler Fragen zu Sammlungsaufbau, Erweiterung oder Finanzierung, so gibt es Hilfe. Mehr erfahren [&hellip;]<\/p>\n","protected":false},"author":2,"featured_media":10045,"comment_status":"open","ping_status":"open","sticky":false,"template":"","format":"standard","meta":{"footnotes":""},"categories":[105,5],"tags":[],"class_list":["post-10283","post","type-post","status-publish","format-standard","has-post-thumbnail","hentry","category-kunstlogistik-en","category-uncategorized"],"_links":{"self":[{"href":"https:\/\/www.welti-furrer.ch\/en\/wp-json\/wp\/v2\/posts\/10283","targetHints":{"allow":["GET"]}}],"collection":[{"href":"https:\/\/www.welti-furrer.ch\/en\/wp-json\/wp\/v2\/posts"}],"about":[{"href":"https:\/\/www.welti-furrer.ch\/en\/wp-json\/wp\/v2\/types\/post"}],"author":[{"embeddable":true,"href":"https:\/\/www.welti-furrer.ch\/en\/wp-json\/wp\/v2\/users\/2"}],"replies":[{"embeddable":true,"href":"https:\/\/www.welti-furrer.ch\/en\/wp-json\/wp\/v2\/comments?post=10283"}],"version-history":[{"count":1,"href":"https:\/\/www.welti-furrer.ch\/en\/wp-json\/wp\/v2\/posts\/10283\/revisions"}],"predecessor-version":[{"id":10627,"href":"https:\/\/www.welti-furrer.ch\/en\/wp-json\/wp\/v2\/posts\/10283\/revisions\/10627"}],"wp:featuredmedia":[{"embeddable":true,"href":"https:\/\/www.welti-furrer.ch\/en\/wp-json\/wp\/v2\/media\/10045"}],"wp:attachment":[{"href":"https:\/\/www.welti-furrer.ch\/en\/wp-json\/wp\/v2\/media?parent=10283"}],"wp:term":[{"taxonomy":"category","embeddable":true,"href":"https:\/\/www.welti-furrer.ch\/en\/wp-json\/wp\/v2\/categories?post=10283"},{"taxonomy":"post_tag","embeddable":true,"href":"https:\/\/www.welti-furrer.ch\/en\/wp-json\/wp\/v2\/tags?post=10283"}],"curies":[{"name":"wp","href":"https:\/\/api.w.org\/{rel}","templated":true}]}}