{"id":10281,"date":"2020-05-11T11:41:37","date_gmt":"2020-05-11T09:41:37","guid":{"rendered":"https:\/\/welti-furrer.ch\/2020\/05\/11\/newsletter2020\/"},"modified":"2020-05-11T11:41:37","modified_gmt":"2020-05-11T09:41:37","slug":"newsletter2020","status":"publish","type":"post","link":"https:\/\/www.welti-furrer.ch\/en\/2020\/05\/11\/newsletter2020\/","title":{"rendered":"Wir bringen nicht nur Kisten zum Fliegen"},"content":{"rendered":"\n\t\t<h1><\/h1>\t\t\n\t\t\t<h3><strong>Fr\u00fchling 2020<\/strong><\/h3>\n\t\t\t\t<img fetchpriority=\"high\" decoding=\"async\" src=\"https:\/\/www.welti-furrer.ch\/wp-content\/uploads\/2020\/05\/Kiste-\u00fcber-Bundesplatz-rotated.jpg\" alt=\"Kiste \u00fcber Bundesplatz\" itemprop=\"image\" height=\"2016\" width=\"1512\" title=\"Kiste \u00fcber Bundesplatz\"  \/>\n\t<h2><\/h2>\n<h2>Wir bringen nicht nur Kisten zum Fliegen!<\/h2>\n\t\t\t\t<img decoding=\"async\" src=\"https:\/\/www.welti-furrer.ch\/wp-content\/uploads\/2020\/03\/Kiste-Anlieferung-mit-Kran-650x867.jpg\" alt=\"Kiste Anlieferung mit Kran\" itemprop=\"image\" height=\"867\" width=\"650\" title=\"Kiste Anlieferung mit Kran\"  \/>\n\t\t\t\t<img decoding=\"async\" src=\"https:\/\/www.welti-furrer.ch\/wp-content\/uploads\/2020\/05\/Portrait-Robin_Graber-650x488.jpg\" alt=\"Portrait Robin_Graber\" itemprop=\"image\" height=\"488\" width=\"650\" title=\"Portrait Robin_Graber\"  \/>\n\t\t\t\t<img loading=\"lazy\" decoding=\"async\" src=\"https:\/\/www.welti-furrer.ch\/wp-content\/uploads\/2020\/05\/ArtProducersClub_h240.png\" alt=\"ArtProducersClub_h240\" itemprop=\"image\" height=\"240\" width=\"480\" title=\"ArtProducersClub_h240\"  \/>\n<h3>\n\t\tSchwebende Kisten \u00fcber dem Bundesplatz.\n\t<\/h3>\n<h3>\n\t\tRobin Graber: seit 20 Jahren in der Kunstlogistik.\n\t<\/h3>\n<h3>\n\t\tPArt &#8211; Mit Kunst K\u00fcnstlern helfen. Benefiz-Auktion ab 15. Juni 2020.\n\t<\/h3>\n\t<p>Ein besonderer Auftrag der Schweizerischen Nationalbank f\u00fchrte uns Ende Februar nach Bern.<\/p>\n            <a href=\"#beitrag_01\" target=\"\" rel=\"noopener noreferrer\">\n                Mehr erfahren            <\/a>\n\t<p>F\u00fcr jegliche Fragen rund um Kunsttransporte ist Robin Graber ein kompetenter Ansprechpartner.<\/p>\n            <a href=\"#beitrag_02\" target=\"\" rel=\"noopener noreferrer\">\n                Mehr erfahren            <\/a>\n\t<p>Kunst kaufen und damit gutes Tun &#8211; auf der PArt-Plattform l\u00e4sst sich beides verbinden.<\/p>\n            <a href=\"#beitrag_03\" target=\"\" rel=\"noopener noreferrer\">\n                Mehr erfahren            <\/a>\n<h2>\n\t\tSchwebende Kisten \u00fcber dem Bundesplatz.\n\t<\/h2>\n\t<h3>Demontage und Abtransport mit dem Kran von wandf\u00fcllenden Arbeiten des K\u00fcnstlers Gfeller-Corth\u00e9sy.<\/h3>\n\t\t\t\t<img loading=\"lazy\" decoding=\"async\" src=\"https:\/\/www.welti-furrer.ch\/wp-content\/uploads\/2020\/05\/Kiste-\u00fcber-Bundesplatz-1140x1520.jpg\" alt=\"Kiste \u00fcber Bundesplatz\" itemprop=\"image\" height=\"1520\" width=\"1140\" title=\"Kiste \u00fcber Bundesplatz\"  \/>\n\t\t\t\t<img loading=\"lazy\" decoding=\"async\" src=\"https:\/\/www.welti-furrer.ch\/wp-content\/uploads\/2020\/03\/Kiste-in-Sitzungssaal-650x488.jpg\" alt=\"Kiste in Sitzungssaal\" itemprop=\"image\" height=\"488\" width=\"650\" title=\"Kiste in Sitzungssaal\"  \/>\n\t<p>Ende Februar war ein vierk\u00f6pfiges Team unserer Kunsttechniker w\u00e4hrend mehrerer Tage f\u00fcr einen ganz besonderen und komplexen Auftrag in Bern.<\/p>\n<p>Die Schweizerische Nationalbank liess als Teil von umfassenden Umbauarbeiten in einer Berner Liegenschaft direkt am Bundesplatz zwei wandf\u00fcllende Arbeiten des autodidaktischen K\u00fcnstlers Roland Gfeller-Corth\u00e9sy (1940 in Lyon geboren, 2006 in Bern verstorben) demontieren, fachgerecht verpacken und abtransportieren.<\/p>\n<p>Die monumentalen Arbeiten waren in den 1980er Jahren speziell f\u00fcr die beiden Sitzungss\u00e4le gestaltet und gefertigt worden und wurden vor Ort direkt an der Wand an querlaufenden Verstrebungen montiert. Sie f\u00fcllten jeweils drei komplette W\u00e4nde von zwei grossen Sitzungszimmern in einem oberen Stockwerk der Liegenschaft. Die einzelnen Paneele, total 60 St\u00fcck, massen bis zu 3.4 in der H\u00f6he.<\/p>\n<p>In unserer Schreinerei wurden vorg\u00e4ngig massgeschneiderte Transportkisten gefertigt, in welchen jeweils eine bestimmte Anzahl Paneele schutzverpackt und durch Separationen druckgesch\u00fctzt versorgt werden konnten.<\/p>\n\t<p>Die riesigen Kisten mussten mit dem Kran, der sich bereits f\u00fcr die Renovation der Liegenschaft vor Ort befand, durch eine Fassaden\u00f6ffnung ins Innere des Geb\u00e4udes gehievt werden.<\/p>\n<p>Auch die B\u00f6den der Sitzungss\u00e4le mussten vorg\u00e4ngig entsprechend vorbereitet werden, um einerseits das Arbeiten vor Ort zu erleichtern und andererseits keine Sch\u00e4den auf dem Bodenbelag zu hinterlassen.<\/p>\n<p>Eine vor Ort gezimmerte Rampe schliesslich erm\u00f6glichte die Anlieferung der Kisten in den Raum sowie nat\u00fcrlich den Abtransport der tonnenschweren Kisten durch die Fassaden\u00f6ffnung auf das Baupodest. Dort konnten die Spezialkisten wiederum durch den Kran sicher nach unten auf die Strasse bewegt und von dort in unsere luftgefederten LKW verladen und abtransportiert werden.<\/p>\n<p>&nbsp;<\/p>\n<p>&nbsp;<\/p>\n\t\t\t\t<img loading=\"lazy\" decoding=\"async\" src=\"https:\/\/www.welti-furrer.ch\/wp-content\/uploads\/2020\/03\/Camion_Eingang-SNB-650x867.jpg\" alt=\"Camion_Eingang SNB\" itemprop=\"image\" height=\"867\" width=\"650\" title=\"Camion_Eingang SNB\"  \/>\n\t\t\t\t<img decoding=\"async\" src=\"https:\/\/www.welti-furrer.ch\/wp-content\/uploads\/2020\/03\/Kiste-Anlieferung-mit-Kran-650x867.jpg\" alt=\"Kiste Anlieferung mit Kran\" itemprop=\"image\" height=\"867\" width=\"650\" title=\"Kiste Anlieferung mit Kran\"  \/>\n\t<p>Dank einer exakten Planung und der gelungenen Kooperation der verschiedenen Parteien konnte dieser Auftrag zur Zufriedenheit unseres Kunden ausgef\u00fchrt werden!<\/p>\n<p>Wir danken f\u00fcr den herausfordernden Auftrag und das Vertrauen in unsere Dienstleistung.<\/p>\n<h2>\n\t\tRobin Graber: 19 Mal an der ART Basel!\n\t<\/h2>\n\t<h3>Messelogistik von A bis Z. Aber nicht nur.<\/h3>\n\t\t\t\t<img loading=\"lazy\" decoding=\"async\" src=\"https:\/\/www.welti-furrer.ch\/wp-content\/uploads\/2020\/05\/Portrait-Robin-Graber-650x488.jpg\" alt=\"Portrait Robin Graber\" itemprop=\"image\" height=\"488\" width=\"650\" title=\"Portrait Robin Graber\"  \/>\n\t\t\t\t<img loading=\"lazy\" decoding=\"async\" src=\"https:\/\/www.welti-furrer.ch\/wp-content\/uploads\/2019\/07\/Art-Basel_Unlimited.jpg\" alt=\"Art Basel_Unlimited\" itemprop=\"image\" height=\"319\" width=\"480\" title=\"Art Basel_Unlimited\"  \/>\n\t<p>Robin ist seit fast 20 Jahren in der Kunstspedition t\u00e4tig.<\/p>\n<p>Geboren und aufgewachsen in der Romandie, machte Robin eine kaufm\u00e4nnische Lehre und verschiedene Weiterbildungen im Bereich der internationalen Logistik. Im Jahr 2000 schickte ihn sein damaliger Arbeitgeber, ein Genfer Umzugsunternehmen, an einen Kongress der FIDI Global Alliance nach S\u00fcdafrika. Dieser internationale Verband der Logistik- und Umzugsfirmen bietet regelm\u00e4ssig Seminare und Weiterbildungen u.a. zur Etablierung von internationalen Standards an. Robin traf in S\u00fcdafrika jedoch auch einen Mitarbeiter eines Kunstlogistikunternehmens, welcher ihm eine Stelle in Z\u00fcrich anbot.<\/p>\n<p>Seit 2001 wohnt Robin also in Z\u00fcrich und ist seither in der Kunstlogistik t\u00e4tig. Er sammelte bei verschiedenen Kunstspeditionen wertvolle Erfahrungen und begann 2016 f\u00fcr Welti-Furrer Fine Art als Business Developpement Manager.<\/p>\n<p>Zusammen mit seinem Team ist er unter anderem f\u00fcr den Bereich \u2018Gallery Services\u2019 zust\u00e4ndig. Er betreut grosse Galerien an der ART Basel und zahlreichen anderen Messen im n\u00e4heren und weiteren Ausland wie Art Paris, FIAC, Art Basel Hongkong und Miami, Artissima Turin, Art Cologne etc.<\/p>\n<p>Daneben steht Robin sowohl privaten Sammlern als auch Firmensammlungen mit Rat und Tat zur Seite und organisiert alle Arten von Transporte sowie die entsprechenden Verpackungen und auch die Deinstallation und Installation der Kunstwerke vor Ort.<\/p>\n\t<p>Robin ist ein Sprachentalent. Neben seiner Muttersprache franz\u00f6sisch spricht er fliessend deutsch und englisch sowie spanisch.<\/p>\n<p>Als Ausgleich zum oftmals stressigen Beruf macht er viel Sport: ob Standup Paddle auf dem Z\u00fcrichsee im Sommer, ob Skifahren in den Alpen im Winter oder Kampfsport, Tennis oder Joggen \u2013 Robin ist immer in Bewegung!<\/p>\n<p>Zusammen mit seiner Frau geniesst er zudem das grosse kulturelle und kulinarische Angebot in Z\u00fcrich. Er besucht in normalen Zeiten regelm\u00e4ssig Vernissagen und bildet sich so stetig weiter im aktuellen Kunstgeschehen. Neben der klassischen Moderne ist denn auch die zeitgen\u00f6ssische Kunst seine Lieblingsepoche.<\/p>\n<p>Den grossen Vorteil des Angebots von Welti-Furrer Fine Art sieht Robin in der guten Zusammenarbeit mit anderen Abteilungen der Gruppe, wie der Pneukran- und der Umzugsabteilung. So ist es m\u00f6glich, dem Kunden jederzeit ein massgeschneidertes Angebot aus einer Hand anzubieten und auch schwierigste Auftr\u00e4ge wie den Transport und die Aufstellung von monumentalen Skulpturen mithilfe eines Krans zu bewerkstelligen.<\/p>\n<p>Robin sch\u00e4tzt bei seiner Arbeit den vielf\u00e4ltigen Austausch mit seinen internationalen und nationalen Kunden, die vielen Reisen und Besuche von Messen und Ausstellungen sowie die stets unterschiedlichen Bed\u00fcrfnisse von Kunden aber auch Kunstwerken. Er hofft sehr, auch dieses Jahr wiederum an der ART Basel pr\u00e4sent sein zu k\u00f6nnen und dort sein zwanzigj\u00e4hriges Jubil\u00e4um zu feiern!<\/p>\n\t\t\t\t<img loading=\"lazy\" decoding=\"async\" src=\"https:\/\/www.welti-furrer.ch\/wp-content\/uploads\/2020\/05\/FineArt_006_LukasPitsch_DSC_0156-650x433.jpg\" alt=\"FineArt_006_LukasPitsch_DSC_0156\" itemprop=\"image\" height=\"433\" width=\"650\" title=\"FineArt_006_LukasPitsch_DSC_0156\"  \/>\n<h2>\n\t\tPArt &#8211; Mit Kunst K\u00fcnstlern helfen.\n\t<\/h2>\n\t<h3>Die Erl\u00f6se der Benefiz-Auktion fliessen in einen Soforthilfe-Fond zugunsten von K\u00fcnstlern, die durch die Corona-Pandemie massive Einbussen verzeichnen.<\/h3>\n\t\t\t\t<img loading=\"lazy\" decoding=\"async\" src=\"https:\/\/www.welti-furrer.ch\/wp-content\/uploads\/2020\/05\/K\u00fcnstler_Charity-Auction.png\" alt=\"K\u00fcnstler_Charity Auction\" itemprop=\"image\" height=\"656\" width=\"1020\" title=\"K\u00fcnstler_Charity Auction\"  \/>\n\t\t\t\t<img decoding=\"async\" src=\"https:\/\/www.welti-furrer.ch\/wp-content\/plugins\/bb-plugin\/img\/pixel.png\" alt=\"\" itemprop=\"image\"  \/>\n\t<p>Kunst kaufen und damit gutes Tun &#8211; auf der PArt-Plattform l\u00e4sst sich beides verbinden. Wir von Welti-Furrer freuen uns, dieses Projekt zu unterst\u00fctzen!<\/p>\n<p>Wie kreatives Krisenmanagement aussehen kann, zeigen die gemeinn\u00fctzige <strong>Spiegelberger Stiftung<\/strong> und das <strong>Auktionshaus VAN HAM.<\/strong><\/p>\n<p>In gemeinsamer Initiative haben sie die <strong>PArt <\/strong>ins Leben gerufen<strong>, eine digitale Plattform, welche die <\/strong>M\u00f6glichkeit bietet, w\u00e4hrend der Corona-Pandemie, mit Kunst K\u00fcnstler zu unterst\u00fctzen.<\/p>\n<p>Die digitale Plattform vereint dabei die wesentlichen Aspekte, welche die Kunst ausmachen: sie verbindet, unterst\u00fctzt und schafft Werte.<\/p>\n<p>Alle Informationen finden Sie unter <a href=\"http:\/\/www.producersart.com\/\">www.producersart.com<\/a><\/p>\n<p>&nbsp;<\/p>\n<p>&nbsp;<\/p>\n<p>&nbsp;<\/p>\n<p>&nbsp;<\/p>\n\t<ul>\n<li><strong>PArt<\/strong> bietet Sammlern und Kunstfreunden Zugang zu Werken renommierter K\u00fcnstler und junger Talente, unter positiver Einbindung aller Akteure im Kunstmarkt.<\/li>\n<li>Auf der <strong>PArt-Plattform<\/strong> k\u00f6nnen K\u00fcnstler vom 15. Juni bis 1. Juli 2020 einem internationalen Publikum eine virtuelle Ausstellung pr\u00e4sentieren.<\/li>\n<li>Galerien und K\u00fcnstler k\u00f6nnen Werke zur <strong>PArt Benefiz-Auktion<\/strong> einreichen, welche vom 15. Juni bis 1. Juli 2020 stattfindet. Die Erl\u00f6se flie\u00dfen zu gleichen Teilen an den Einlieferer und den <strong>PArt Soforthilfe-Fond<\/strong> zu Gunsten der von der Krise betroffenen K\u00fcnstler.<\/li>\n<li>Die Qualit\u00e4t der eingereichten Kunstwerke garantiert eine hochkar\u00e4tige besetzte Jury.<\/li>\n<\/ul>\n<p>Kultur ist Systemrelevant, Solidarit\u00e4t jetzt wichtiger denn je. Die PArt lebt davon, m\u00f6glichst viele Akteure der Kunstszene zusammenzuf\u00fchren. Als Medienpartner unterst\u00fctzt die <strong>Neue Z\u00fcrcher Zeitung (NZZ) <\/strong>die Initiative mit einer Anzeigenkampagne, das renommierte Auktionshaus <strong>VAN HAM<\/strong> f\u00fchrt die Charity-Auktion durch. Die <strong>Donner &amp; Reuschel Privatbank <\/strong>amtet als Partner der PArt.<\/p>\n<p><u>\u00a0<\/u><\/p>\n<p>&nbsp;<\/p>\n        <a href=\"https:\/\/www.welti-furrer.ch\/2020\/04\/06\/6788\/\" rel=\"bookmark\" title=\"Luftbr\u00fccke China \u2013Schweiz\">\n                <h3>\n                    Luftbr\u00fccke China \u2013Schweiz                <\/h3>\n        <\/a>\n        <a href=\"https:\/\/www.welti-furrer.ch\/2019\/12\/03\/groesste-siebanlage-fuer-die-granulatherstellung\/\" rel=\"bookmark\" title=\"Gr\u00f6sste Siebanlage f\u00fcr die Granulatherstellung\">\n                <h3>\n                    Gr\u00f6sste Siebanlage f\u00fcr die Granulatherstellung                <\/h3>\n        <\/a>\n        <a href=\"https:\/\/www.welti-furrer.ch\/2019\/10\/16\/puzzlespiel-der-anderen-art\/\" rel=\"bookmark\" title=\"Puzzlespiel der anderen Art\">\n                <h3>\n                    Puzzlespiel der anderen Art                <\/h3>\n        <\/a>\n        <a href=\"https:\/\/www.welti-furrer.ch\/2019\/08\/15\/newsletter-herbst-2019\/\" rel=\"bookmark\" title=\"Gemeinsam k\u00f6nnen wir so viel erreichen\">\n                <h3>\n                    Gemeinsam k\u00f6nnen wir so viel erreichen                <\/h3>\n        <\/a>\n        <a href=\"https:\/\/www.welti-furrer.ch\/2019\/07\/22\/treibstofftank-auf-dem-weg-in-ein-zweites-leben\/\" rel=\"bookmark\" title=\"Treibstofftank auf dem Weg in ein zweites Leben\">\n                <h3>\n                    Treibstofftank auf dem Weg in ein zweites Leben                <\/h3>\n        <\/a>\n        <a href=\"https:\/\/www.welti-furrer.ch\/2019\/07\/19\/grove-gmk-4100l-1-in-aktion\/\" rel=\"bookmark\" title=\"Grove GMK 4100L-1 in Aktion\">\n                <h3>\n                    Grove GMK 4100L-1 in Aktion                <\/h3>\n        <\/a>\n        <a href=\"https:\/\/www.welti-furrer.ch\/2019\/07\/11\/dreizehn-rechteckstraeger-in-einem-tag-montiert\/\" rel=\"bookmark\" title=\"Dreizehn Rechteckstr\u00e4ger in einem Tag montiert\">\n                <h3>\n                    Dreizehn Rechteckstr\u00e4ger in einem Tag montiert                <\/h3>\n        <\/a>\n        <a href=\"https:\/\/www.welti-furrer.ch\/2019\/07\/01\/spektakulaere-zuegelaktion-in-frick\/\" rel=\"bookmark\" title=\"Spektakul\u00e4re Z\u00fcgelaktion in Frick\">\n                <h3>\n                    Spektakul\u00e4re Z\u00fcgelaktion in Frick                <\/h3>\n        <\/a>\n        <a href=\"https:\/\/www.welti-furrer.ch\/2019\/06\/18\/spezialtransporte-mobilkran-und-industrieumzuege-zusammen-im-glarnerland\/\" rel=\"bookmark\" title=\"Spezialtransporte, Mobilkran und Industrieumz\u00fcge &#8211; zusammen im Glarnerland\">\n                <h3>\n                    Spezialtransporte, Mobilkran und Industrieumz\u00fcge &#8211; zusammen im Glarnerland                <\/h3>\n        <\/a>\n        <a href=\"https:\/\/www.welti-furrer.ch\/2019\/05\/28\/unter-strom\/\" rel=\"bookmark\" title=\"Unter Strom\">\n                <h3>\n                    Unter Strom                <\/h3>\n        <\/a>\n","protected":false},"excerpt":{"rendered":"<p>Fr\u00fchling 2020 Wir bringen nicht nur Kisten zum Fliegen! Schwebende Kisten \u00fcber dem Bundesplatz. Robin Graber: seit 20 Jahren in der Kunstlogistik. PArt &#8211; Mit Kunst K\u00fcnstlern helfen. Benefiz-Auktion ab 15. Juni 2020. Ein besonderer Auftrag der Schweizerischen Nationalbank f\u00fchrte uns Ende Februar nach Bern. Mehr erfahren F\u00fcr jegliche Fragen rund um Kunsttransporte ist Robin [&hellip;]<\/p>\n","protected":false},"author":2,"featured_media":10075,"comment_status":"open","ping_status":"open","sticky":false,"template":"","format":"standard","meta":{"footnotes":""},"categories":[105],"tags":[],"class_list":["post-10281","post","type-post","status-publish","format-standard","has-post-thumbnail","hentry","category-kunstlogistik-en"],"_links":{"self":[{"href":"https:\/\/www.welti-furrer.ch\/en\/wp-json\/wp\/v2\/posts\/10281","targetHints":{"allow":["GET"]}}],"collection":[{"href":"https:\/\/www.welti-furrer.ch\/en\/wp-json\/wp\/v2\/posts"}],"about":[{"href":"https:\/\/www.welti-furrer.ch\/en\/wp-json\/wp\/v2\/types\/post"}],"author":[{"embeddable":true,"href":"https:\/\/www.welti-furrer.ch\/en\/wp-json\/wp\/v2\/users\/2"}],"replies":[{"embeddable":true,"href":"https:\/\/www.welti-furrer.ch\/en\/wp-json\/wp\/v2\/comments?post=10281"}],"version-history":[{"count":0,"href":"https:\/\/www.welti-furrer.ch\/en\/wp-json\/wp\/v2\/posts\/10281\/revisions"}],"wp:featuredmedia":[{"embeddable":true,"href":"https:\/\/www.welti-furrer.ch\/en\/wp-json\/wp\/v2\/media\/10075"}],"wp:attachment":[{"href":"https:\/\/www.welti-furrer.ch\/en\/wp-json\/wp\/v2\/media?parent=10281"}],"wp:term":[{"taxonomy":"category","embeddable":true,"href":"https:\/\/www.welti-furrer.ch\/en\/wp-json\/wp\/v2\/categories?post=10281"},{"taxonomy":"post_tag","embeddable":true,"href":"https:\/\/www.welti-furrer.ch\/en\/wp-json\/wp\/v2\/tags?post=10281"}],"curies":[{"name":"wp","href":"https:\/\/api.w.org\/{rel}","templated":true}]}}